{"id":507,"count":3,"description":"<img class=\"wp-image-23216  alignright\" src=\"http:\/\/scandinavischelampen.nl\/wp-content\/uploads\/2023\/07\/Diablo-.jpg\" alt=\"Imagen de la l\u00e1mpara colgante Belid Diablo Sand que se ofrece en este anuncio.\" width=\"151\" height=\"201\" \/>D\u00e9couvrez aux c\u00f4t\u00e9s de notre magnifique collection de lampes vintage Belid quelques nouvelles et \u00e9blouissantes additions \u00e0 notre assortiment, comme la sensationnelle Diablo. Cette lampe incarne l'h\u00e9ritage intemporel de Belid avec une touche contemporaine. Les lignes classiques de Belid brillent ici dans un design frais et moderne, cr\u00e9ant une parfaite harmonie entre la tradition et le style contemporain. La Diablo t\u00e9moigne du fait que Belid continue d'\u00e9voluer et de s'adapter aux temps qui changent, tout en maintenant fermement son inimitable savoir-faire et son esth\u00e9tique raffin\u00e9e.\r\n\r\n<strong>Pratique pour LED<\/strong>\r\n<strong>D\u00e9lai de r\u00e9flexion de 14 jours<\/strong>\r\n<strong>Livraison internationale<\/strong>\r\n\r\n[expander_maker id=\"1\" more=\"Lees meer\" less=\"Lees minder\"]\r\n\r\nD\u00e9couvrez chez Lampes Scandinaves un tr\u00e9sor de lampes vintage Belid, car ce c\u00e9l\u00e8bre fabricant su\u00e9dois continue de produire des luminaires exceptionnels. Notre collection s'enrichit constamment de nouvelles trouvailles vintage exquises de cette marque. Vous recherchez un mod\u00e8le sp\u00e9cifique ? N'h\u00e9sitez pas \u00e0 nous contacter. Nos voyages en Scandinavie nous offrent l'opportunit\u00e9 de peut-\u00eatre trouver la lampe que vous recherchez.\r\n<h6>Notre Coup de C\u0153ur : La S\u00e9rie Diablo<\/h6>\r\nUn v\u00e9ritable joyau de la collection Belid est la s\u00e9rie envo\u00fbtante Diablo, con\u00e7ue par le talentueux Joakim Fihn. Cette s\u00e9rie incarne brillamment la vision rafra\u00eechissante de Fihn de la lampe \u00e0 couches scandinave traditionnelle. En exp\u00e9rimentant avec la direction des couches, la Diablo cr\u00e9e un jeu de lumi\u00e8re incroyablement unique. Le design est r\u00e9fl\u00e9chi, assurant que la lampe ne soit jamais \u00e9blouissante, ce qui en fait un choix parfait au-dessus d'une table \u00e0 manger ou dans le salon. D\u00e9couvrez la magie de la s\u00e9rie Diablo par vous-m\u00eame et embellissez votre int\u00e9rieur avec cette beaut\u00e9 intemporelle.\u00a0[\/expander_maker]","link":"https:\/\/scandinavischelampen.nl\/fr\/categorie-de-produit\/nos-marques\/belid-fr\/","name":"Belid","slug":"belid-fr","taxonomy":"product_cat","parent":583,"meta":[],"menu_order":44,"yoast_head":"<!-- This site is optimized with the Yoast SEO plugin v27.4 - https:\/\/yoast.com\/product\/yoast-seo-wordpress\/ -->\n<title>Belid - Lampes Scandinaves<\/title>\n<meta name=\"description\" content=\"D\u00e9couvrez aux c\u00f4t\u00e9s de notre collection de lampes vintage Belid quelques nouvelles et \u00e9blouissantes additions \u00e0 notre assortiment, comme la Diablo.\" \/>\n<meta name=\"robots\" content=\"index, follow, max-snippet:-1, max-image-preview:large, max-video-preview:-1\" \/>\n<link rel=\"canonical\" href=\"https:\/\/scandinavischelampen.nl\/fr\/categorie-de-produit\/nos-marques\/belid-fr\/\" \/>\n<meta property=\"og:locale\" content=\"fr_FR\" \/>\n<meta property=\"og:type\" content=\"article\" \/>\n<meta property=\"og:title\" content=\"Belid - Lampes Scandinaves\" \/>\n<meta property=\"og:description\" content=\"D\u00e9couvrez aux c\u00f4t\u00e9s de notre collection de lampes vintage Belid quelques nouvelles et \u00e9blouissantes additions \u00e0 notre assortiment, comme la Diablo.\" \/>\n<meta property=\"og:url\" content=\"https:\/\/scandinavischelampen.nl\/fr\/categorie-de-produit\/nos-marques\/belid-fr\/\" \/>\n<meta property=\"og:site_name\" content=\"Lampes Scandinaves\" \/>\n<meta property=\"og:image\" content=\"http:\/\/scandinavischelampen.nl\/wp-content\/uploads\/2023\/07\/Diablo-.jpg\" \/>\n<meta name=\"twitter:card\" content=\"summary_large_image\" \/>\n<script type=\"application\/ld+json\" class=\"yoast-schema-graph\">{\"@context\":\"https:\\\/\\\/schema.org\",\"@graph\":[{\"@type\":\"CollectionPage\",\"@id\":\"https:\\\/\\\/scandinavischelampen.nl\\\/fr\\\/categorie-de-produit\\\/nos-marques\\\/belid-fr\\\/\",\"url\":\"https:\\\/\\\/scandinavischelampen.nl\\\/fr\\\/categorie-de-produit\\\/nos-marques\\\/belid-fr\\\/\",\"name\":\"Belid - Lampes Scandinaves\",\"isPartOf\":{\"@id\":\"https:\\\/\\\/scandinavischelampen.nl\\\/fr\\\/#website\"},\"description\":\"D\u00e9couvrez aux c\u00f4t\u00e9s de notre collection de lampes vintage Belid quelques nouvelles et \u00e9blouissantes additions \u00e0 notre assortiment, comme la Diablo.\",\"breadcrumb\":{\"@id\":\"https:\\\/\\\/scandinavischelampen.nl\\\/fr\\\/categorie-de-produit\\\/nos-marques\\\/belid-fr\\\/#breadcrumb\"},\"inLanguage\":\"fr-FR\"},{\"@type\":\"BreadcrumbList\",\"@id\":\"https:\\\/\\\/scandinavischelampen.nl\\\/fr\\\/categorie-de-produit\\\/nos-marques\\\/belid-fr\\\/#breadcrumb\",\"itemListElement\":[{\"@type\":\"ListItem\",\"position\":1,\"name\":\"Home\",\"item\":\"https:\\\/\\\/scandinavischelampen.nl\\\/fr\\\/\"},{\"@type\":\"ListItem\",\"position\":2,\"name\":\"Nos marques\",\"item\":\"https:\\\/\\\/scandinavischelampen.nl\\\/fr\\\/categorie-de-produit\\\/nos-marques\\\/\"},{\"@type\":\"ListItem\",\"position\":3,\"name\":\"Belid\"}]},{\"@type\":\"WebSite\",\"@id\":\"https:\\\/\\\/scandinavischelampen.nl\\\/fr\\\/#website\",\"url\":\"https:\\\/\\\/scandinavischelampen.nl\\\/fr\\\/\",\"name\":\"Scandinavische Lampen\",\"description\":\"Luminaire design vintage\",\"publisher\":{\"@id\":\"https:\\\/\\\/scandinavischelampen.nl\\\/fr\\\/#organization\"},\"potentialAction\":[{\"@type\":\"SearchAction\",\"target\":{\"@type\":\"EntryPoint\",\"urlTemplate\":\"https:\\\/\\\/scandinavischelampen.nl\\\/fr\\\/?s={search_term_string}\"},\"query-input\":{\"@type\":\"PropertyValueSpecification\",\"valueRequired\":true,\"valueName\":\"search_term_string\"}}],\"inLanguage\":\"fr-FR\"},{\"@type\":\"Organization\",\"@id\":\"https:\\\/\\\/scandinavischelampen.nl\\\/fr\\\/#organization\",\"name\":\"Scandinavische Lampen\",\"url\":\"https:\\\/\\\/scandinavischelampen.nl\\\/fr\\\/\",\"logo\":{\"@type\":\"ImageObject\",\"inLanguage\":\"fr-FR\",\"@id\":\"https:\\\/\\\/scandinavischelampen.nl\\\/fr\\\/#\\\/schema\\\/logo\\\/image\\\/\",\"url\":\"https:\\\/\\\/i0.wp.com\\\/scandinavischelampen.nl\\\/wp-content\\\/uploads\\\/2023\\\/07\\\/cropped-Scandinavische-lampen-logo-oranje-01-scaled.png?fit=4717%2C1570&ssl=1\",\"contentUrl\":\"https:\\\/\\\/i0.wp.com\\\/scandinavischelampen.nl\\\/wp-content\\\/uploads\\\/2023\\\/07\\\/cropped-Scandinavische-lampen-logo-oranje-01-scaled.png?fit=4717%2C1570&ssl=1\",\"width\":4717,\"height\":1570,\"caption\":\"Scandinavische Lampen\"},\"image\":{\"@id\":\"https:\\\/\\\/scandinavischelampen.nl\\\/fr\\\/#\\\/schema\\\/logo\\\/image\\\/\"},\"sameAs\":[\"https:\\\/\\\/www.facebook.com\\\/scandinavischelampen\\\/\",\"https:\\\/\\\/www.instagram.com\\\/scandinavische_lampen\\\/\"]}]}<\/script>\n<!-- \/ Yoast SEO plugin. -->","yoast_head_json":{"title":"Belid - Lampes Scandinaves","description":"D\u00e9couvrez aux c\u00f4t\u00e9s de notre collection de lampes vintage Belid quelques nouvelles et \u00e9blouissantes additions \u00e0 notre assortiment, comme la Diablo.","robots":{"index":"index","follow":"follow","max-snippet":"max-snippet:-1","max-image-preview":"max-image-preview:large","max-video-preview":"max-video-preview:-1"},"canonical":"https:\/\/scandinavischelampen.nl\/fr\/categorie-de-produit\/nos-marques\/belid-fr\/","og_locale":"fr_FR","og_type":"article","og_title":"Belid - Lampes Scandinaves","og_description":"D\u00e9couvrez aux c\u00f4t\u00e9s de notre collection de lampes vintage Belid quelques nouvelles et \u00e9blouissantes additions \u00e0 notre assortiment, comme la Diablo.","og_url":"https:\/\/scandinavischelampen.nl\/fr\/categorie-de-produit\/nos-marques\/belid-fr\/","og_site_name":"Lampes Scandinaves","og_image":[{"url":"http:\/\/scandinavischelampen.nl\/wp-content\/uploads\/2023\/07\/Diablo-.jpg","type":"","width":"","height":""}],"twitter_card":"summary_large_image","schema":{"@context":"https:\/\/schema.org","@graph":[{"@type":"CollectionPage","@id":"https:\/\/scandinavischelampen.nl\/fr\/categorie-de-produit\/nos-marques\/belid-fr\/","url":"https:\/\/scandinavischelampen.nl\/fr\/categorie-de-produit\/nos-marques\/belid-fr\/","name":"Belid - Lampes Scandinaves","isPartOf":{"@id":"https:\/\/scandinavischelampen.nl\/fr\/#website"},"description":"D\u00e9couvrez aux c\u00f4t\u00e9s de notre collection de lampes vintage Belid quelques nouvelles et \u00e9blouissantes additions \u00e0 notre assortiment, comme la Diablo.","breadcrumb":{"@id":"https:\/\/scandinavischelampen.nl\/fr\/categorie-de-produit\/nos-marques\/belid-fr\/#breadcrumb"},"inLanguage":"fr-FR"},{"@type":"BreadcrumbList","@id":"https:\/\/scandinavischelampen.nl\/fr\/categorie-de-produit\/nos-marques\/belid-fr\/#breadcrumb","itemListElement":[{"@type":"ListItem","position":1,"name":"Home","item":"https:\/\/scandinavischelampen.nl\/fr\/"},{"@type":"ListItem","position":2,"name":"Nos marques","item":"https:\/\/scandinavischelampen.nl\/fr\/categorie-de-produit\/nos-marques\/"},{"@type":"ListItem","position":3,"name":"Belid"}]},{"@type":"WebSite","@id":"https:\/\/scandinavischelampen.nl\/fr\/#website","url":"https:\/\/scandinavischelampen.nl\/fr\/","name":"Scandinavische Lampen","description":"Luminaire design vintage","publisher":{"@id":"https:\/\/scandinavischelampen.nl\/fr\/#organization"},"potentialAction":[{"@type":"SearchAction","target":{"@type":"EntryPoint","urlTemplate":"https:\/\/scandinavischelampen.nl\/fr\/?s={search_term_string}"},"query-input":{"@type":"PropertyValueSpecification","valueRequired":true,"valueName":"search_term_string"}}],"inLanguage":"fr-FR"},{"@type":"Organization","@id":"https:\/\/scandinavischelampen.nl\/fr\/#organization","name":"Scandinavische Lampen","url":"https:\/\/scandinavischelampen.nl\/fr\/","logo":{"@type":"ImageObject","inLanguage":"fr-FR","@id":"https:\/\/scandinavischelampen.nl\/fr\/#\/schema\/logo\/image\/","url":"https:\/\/i0.wp.com\/scandinavischelampen.nl\/wp-content\/uploads\/2023\/07\/cropped-Scandinavische-lampen-logo-oranje-01-scaled.png?fit=4717%2C1570&ssl=1","contentUrl":"https:\/\/i0.wp.com\/scandinavischelampen.nl\/wp-content\/uploads\/2023\/07\/cropped-Scandinavische-lampen-logo-oranje-01-scaled.png?fit=4717%2C1570&ssl=1","width":4717,"height":1570,"caption":"Scandinavische Lampen"},"image":{"@id":"https:\/\/scandinavischelampen.nl\/fr\/#\/schema\/logo\/image\/"},"sameAs":["https:\/\/www.facebook.com\/scandinavischelampen\/","https:\/\/www.instagram.com\/scandinavische_lampen\/"]}]}},"_links":{"self":[{"href":"https:\/\/scandinavischelampen.nl\/fr\/wp-json\/wp\/v2\/product_cat\/507","targetHints":{"allow":["GET"]}}],"collection":[{"href":"https:\/\/scandinavischelampen.nl\/fr\/wp-json\/wp\/v2\/product_cat"}],"about":[{"href":"https:\/\/scandinavischelampen.nl\/fr\/wp-json\/wp\/v2\/taxonomies\/product_cat"}],"up":[{"embeddable":true,"href":"https:\/\/scandinavischelampen.nl\/fr\/wp-json\/wp\/v2\/product_cat\/583"}],"wp:post_type":[{"href":"https:\/\/scandinavischelampen.nl\/fr\/wp-json\/wp\/v2\/product?product_cat=507"}],"curies":[{"name":"wp","href":"https:\/\/api.w.org\/{rel}","templated":true}]}}