{"id":474,"count":4,"description":"<img class=\"wp-image-60701 alignright\" src=\"http:\/\/scandinavischelampen.nl\/wp-content\/uploads\/2025\/10\/IMG_0459-kopie-768x1024.jpg\" alt=\"ABO Randers applique aimant\u00e9e Vert mousse\" width=\"176\" height=\"235\" \/>\r\n<p data-start=\"811\" data-end=\"868\"><strong data-start=\"811\" data-end=\"866\">Lampes \u00e0 Boule Magn\u00e9tiques R\u00e9tro Chic \u2013 Abo Randers<\/strong><\/p>\r\n<p data-start=\"870\" data-end=\"1365\">Apportez une touche de <strong data-start=\"893\" data-end=\"916\">style des ann\u00e9es 50<\/strong> \u00e0 votre int\u00e9rieur avec la <strong data-start=\"943\" data-end=\"983\">lampe \u00e0 boule magn\u00e9tique Abo Randers<\/strong>. Cette pi\u00e8ce iconique du <strong data-start=\"1009\" data-end=\"1026\">design danois<\/strong> allie \u00e9l\u00e9gance intemporelle et fonctionnalit\u00e9 pratique : la boule peut pivoter facilement gr\u00e2ce \u00e0 son aimant int\u00e9gr\u00e9, orientant la lumi\u00e8re exactement l\u00e0 o\u00f9 vous en avez besoin. Id\u00e9ale comme lampe de chevet, lampe de bureau, applique murale ou \u00e9clairage de cuisine r\u00e9tro. D\u00e9couvrez des <strong data-start=\"1312\" data-end=\"1328\">lampes r\u00e9tro<\/strong> qui combinent design et praticit\u00e9.<\/p>","link":"https:\/\/scandinavischelampen.nl\/fr\/categorie-de-produit\/nos-marques\/abo-randers-fr\/","name":"Abo Randers","slug":"abo-randers-fr","taxonomy":"product_cat","parent":583,"meta":[],"menu_order":43,"yoast_head":"<!-- This site is optimized with the Yoast SEO plugin v27.4 - https:\/\/yoast.com\/product\/yoast-seo-wordpress\/ -->\n<title>Abo Randers - Lampes Scandinaves<\/title>\n<meta name=\"description\" content=\"Vous cherchez une belle applique murale? Alors jetez un coup d&#039;\u0153il aux appliques murales d&#039;Abo Randers. \u221aExp\u00e9dition rapide\" \/>\n<meta name=\"robots\" content=\"index, follow, max-snippet:-1, max-image-preview:large, max-video-preview:-1\" \/>\n<link rel=\"canonical\" href=\"https:\/\/scandinavischelampen.nl\/fr\/categorie-de-produit\/nos-marques\/abo-randers-fr\/\" \/>\n<meta property=\"og:locale\" content=\"fr_FR\" \/>\n<meta property=\"og:type\" content=\"article\" \/>\n<meta property=\"og:title\" content=\"Abo Randers - Lampes Scandinaves\" \/>\n<meta property=\"og:description\" content=\"Vous cherchez une belle applique murale? Alors jetez un coup d&#039;\u0153il aux appliques murales d&#039;Abo Randers. \u221aExp\u00e9dition rapide\" \/>\n<meta property=\"og:url\" content=\"https:\/\/scandinavischelampen.nl\/fr\/categorie-de-produit\/nos-marques\/abo-randers-fr\/\" \/>\n<meta property=\"og:site_name\" content=\"Lampes Scandinaves\" \/>\n<meta property=\"og:image\" content=\"http:\/\/scandinavischelampen.nl\/wp-content\/uploads\/2025\/10\/IMG_0459-kopie-768x1024.jpg\" \/>\n<meta name=\"twitter:card\" content=\"summary_large_image\" \/>\n<script type=\"application\/ld+json\" class=\"yoast-schema-graph\">{\"@context\":\"https:\\\/\\\/schema.org\",\"@graph\":[{\"@type\":\"CollectionPage\",\"@id\":\"https:\\\/\\\/scandinavischelampen.nl\\\/fr\\\/categorie-de-produit\\\/nos-marques\\\/abo-randers-fr\\\/\",\"url\":\"https:\\\/\\\/scandinavischelampen.nl\\\/fr\\\/categorie-de-produit\\\/nos-marques\\\/abo-randers-fr\\\/\",\"name\":\"Abo Randers - Lampes Scandinaves\",\"isPartOf\":{\"@id\":\"https:\\\/\\\/scandinavischelampen.nl\\\/fr\\\/#website\"},\"description\":\"Vous cherchez une belle applique murale? Alors jetez un coup d'\u0153il aux appliques murales d'Abo Randers. \u221aExp\u00e9dition rapide\",\"breadcrumb\":{\"@id\":\"https:\\\/\\\/scandinavischelampen.nl\\\/fr\\\/categorie-de-produit\\\/nos-marques\\\/abo-randers-fr\\\/#breadcrumb\"},\"inLanguage\":\"fr-FR\"},{\"@type\":\"BreadcrumbList\",\"@id\":\"https:\\\/\\\/scandinavischelampen.nl\\\/fr\\\/categorie-de-produit\\\/nos-marques\\\/abo-randers-fr\\\/#breadcrumb\",\"itemListElement\":[{\"@type\":\"ListItem\",\"position\":1,\"name\":\"Home\",\"item\":\"https:\\\/\\\/scandinavischelampen.nl\\\/fr\\\/\"},{\"@type\":\"ListItem\",\"position\":2,\"name\":\"Nos marques\",\"item\":\"https:\\\/\\\/scandinavischelampen.nl\\\/fr\\\/categorie-de-produit\\\/nos-marques\\\/\"},{\"@type\":\"ListItem\",\"position\":3,\"name\":\"Abo Randers\"}]},{\"@type\":\"WebSite\",\"@id\":\"https:\\\/\\\/scandinavischelampen.nl\\\/fr\\\/#website\",\"url\":\"https:\\\/\\\/scandinavischelampen.nl\\\/fr\\\/\",\"name\":\"Scandinavische Lampen\",\"description\":\"Luminaire design vintage\",\"publisher\":{\"@id\":\"https:\\\/\\\/scandinavischelampen.nl\\\/fr\\\/#organization\"},\"potentialAction\":[{\"@type\":\"SearchAction\",\"target\":{\"@type\":\"EntryPoint\",\"urlTemplate\":\"https:\\\/\\\/scandinavischelampen.nl\\\/fr\\\/?s={search_term_string}\"},\"query-input\":{\"@type\":\"PropertyValueSpecification\",\"valueRequired\":true,\"valueName\":\"search_term_string\"}}],\"inLanguage\":\"fr-FR\"},{\"@type\":\"Organization\",\"@id\":\"https:\\\/\\\/scandinavischelampen.nl\\\/fr\\\/#organization\",\"name\":\"Scandinavische Lampen\",\"url\":\"https:\\\/\\\/scandinavischelampen.nl\\\/fr\\\/\",\"logo\":{\"@type\":\"ImageObject\",\"inLanguage\":\"fr-FR\",\"@id\":\"https:\\\/\\\/scandinavischelampen.nl\\\/fr\\\/#\\\/schema\\\/logo\\\/image\\\/\",\"url\":\"https:\\\/\\\/i0.wp.com\\\/scandinavischelampen.nl\\\/wp-content\\\/uploads\\\/2023\\\/07\\\/cropped-Scandinavische-lampen-logo-oranje-01-scaled.png?fit=4717%2C1570&ssl=1\",\"contentUrl\":\"https:\\\/\\\/i0.wp.com\\\/scandinavischelampen.nl\\\/wp-content\\\/uploads\\\/2023\\\/07\\\/cropped-Scandinavische-lampen-logo-oranje-01-scaled.png?fit=4717%2C1570&ssl=1\",\"width\":4717,\"height\":1570,\"caption\":\"Scandinavische Lampen\"},\"image\":{\"@id\":\"https:\\\/\\\/scandinavischelampen.nl\\\/fr\\\/#\\\/schema\\\/logo\\\/image\\\/\"},\"sameAs\":[\"https:\\\/\\\/www.facebook.com\\\/scandinavischelampen\\\/\",\"https:\\\/\\\/www.instagram.com\\\/scandinavische_lampen\\\/\"]}]}<\/script>\n<!-- \/ Yoast SEO plugin. -->","yoast_head_json":{"title":"Abo Randers - Lampes Scandinaves","description":"Vous cherchez une belle applique murale? Alors jetez un coup d'\u0153il aux appliques murales d'Abo Randers. \u221aExp\u00e9dition rapide","robots":{"index":"index","follow":"follow","max-snippet":"max-snippet:-1","max-image-preview":"max-image-preview:large","max-video-preview":"max-video-preview:-1"},"canonical":"https:\/\/scandinavischelampen.nl\/fr\/categorie-de-produit\/nos-marques\/abo-randers-fr\/","og_locale":"fr_FR","og_type":"article","og_title":"Abo Randers - Lampes Scandinaves","og_description":"Vous cherchez une belle applique murale? Alors jetez un coup d'\u0153il aux appliques murales d'Abo Randers. \u221aExp\u00e9dition rapide","og_url":"https:\/\/scandinavischelampen.nl\/fr\/categorie-de-produit\/nos-marques\/abo-randers-fr\/","og_site_name":"Lampes Scandinaves","og_image":[{"url":"http:\/\/scandinavischelampen.nl\/wp-content\/uploads\/2025\/10\/IMG_0459-kopie-768x1024.jpg","type":"","width":"","height":""}],"twitter_card":"summary_large_image","schema":{"@context":"https:\/\/schema.org","@graph":[{"@type":"CollectionPage","@id":"https:\/\/scandinavischelampen.nl\/fr\/categorie-de-produit\/nos-marques\/abo-randers-fr\/","url":"https:\/\/scandinavischelampen.nl\/fr\/categorie-de-produit\/nos-marques\/abo-randers-fr\/","name":"Abo Randers - Lampes Scandinaves","isPartOf":{"@id":"https:\/\/scandinavischelampen.nl\/fr\/#website"},"description":"Vous cherchez une belle applique murale? Alors jetez un coup d'\u0153il aux appliques murales d'Abo Randers. \u221aExp\u00e9dition rapide","breadcrumb":{"@id":"https:\/\/scandinavischelampen.nl\/fr\/categorie-de-produit\/nos-marques\/abo-randers-fr\/#breadcrumb"},"inLanguage":"fr-FR"},{"@type":"BreadcrumbList","@id":"https:\/\/scandinavischelampen.nl\/fr\/categorie-de-produit\/nos-marques\/abo-randers-fr\/#breadcrumb","itemListElement":[{"@type":"ListItem","position":1,"name":"Home","item":"https:\/\/scandinavischelampen.nl\/fr\/"},{"@type":"ListItem","position":2,"name":"Nos marques","item":"https:\/\/scandinavischelampen.nl\/fr\/categorie-de-produit\/nos-marques\/"},{"@type":"ListItem","position":3,"name":"Abo Randers"}]},{"@type":"WebSite","@id":"https:\/\/scandinavischelampen.nl\/fr\/#website","url":"https:\/\/scandinavischelampen.nl\/fr\/","name":"Scandinavische Lampen","description":"Luminaire design vintage","publisher":{"@id":"https:\/\/scandinavischelampen.nl\/fr\/#organization"},"potentialAction":[{"@type":"SearchAction","target":{"@type":"EntryPoint","urlTemplate":"https:\/\/scandinavischelampen.nl\/fr\/?s={search_term_string}"},"query-input":{"@type":"PropertyValueSpecification","valueRequired":true,"valueName":"search_term_string"}}],"inLanguage":"fr-FR"},{"@type":"Organization","@id":"https:\/\/scandinavischelampen.nl\/fr\/#organization","name":"Scandinavische Lampen","url":"https:\/\/scandinavischelampen.nl\/fr\/","logo":{"@type":"ImageObject","inLanguage":"fr-FR","@id":"https:\/\/scandinavischelampen.nl\/fr\/#\/schema\/logo\/image\/","url":"https:\/\/i0.wp.com\/scandinavischelampen.nl\/wp-content\/uploads\/2023\/07\/cropped-Scandinavische-lampen-logo-oranje-01-scaled.png?fit=4717%2C1570&ssl=1","contentUrl":"https:\/\/i0.wp.com\/scandinavischelampen.nl\/wp-content\/uploads\/2023\/07\/cropped-Scandinavische-lampen-logo-oranje-01-scaled.png?fit=4717%2C1570&ssl=1","width":4717,"height":1570,"caption":"Scandinavische Lampen"},"image":{"@id":"https:\/\/scandinavischelampen.nl\/fr\/#\/schema\/logo\/image\/"},"sameAs":["https:\/\/www.facebook.com\/scandinavischelampen\/","https:\/\/www.instagram.com\/scandinavische_lampen\/"]}]}},"_links":{"self":[{"href":"https:\/\/scandinavischelampen.nl\/fr\/wp-json\/wp\/v2\/product_cat\/474","targetHints":{"allow":["GET"]}}],"collection":[{"href":"https:\/\/scandinavischelampen.nl\/fr\/wp-json\/wp\/v2\/product_cat"}],"about":[{"href":"https:\/\/scandinavischelampen.nl\/fr\/wp-json\/wp\/v2\/taxonomies\/product_cat"}],"up":[{"embeddable":true,"href":"https:\/\/scandinavischelampen.nl\/fr\/wp-json\/wp\/v2\/product_cat\/583"}],"wp:post_type":[{"href":"https:\/\/scandinavischelampen.nl\/fr\/wp-json\/wp\/v2\/product?product_cat=474"}],"curies":[{"name":"wp","href":"https:\/\/api.w.org\/{rel}","templated":true}]}}